{"id":61,"date":"2020-09-28T12:48:23","date_gmt":"2020-09-28T15:48:23","guid":{"rendered":"http:\/\/podcast.medicina.ufmg.br\/?p=61"},"modified":"2020-09-28T12:48:54","modified_gmt":"2020-09-28T15:48:54","slug":"tudo-bem-buscar-ajuda","status":"publish","type":"post","link":"https:\/\/podcast.medicina.ufmg.br\/index.php\/2020\/09\/28\/tudo-bem-buscar-ajuda\/","title":{"rendered":"Tudo bem buscar ajuda"},"content":{"rendered":"\n<p>Enquanto boa parte da popula\u00e7\u00e3o se protegia como podia do novo coronav\u00edrus, os profissionais da linha de frente continuaram com seus trabalhos fora de casa e mais expostos \u00e0 doen\u00e7a, para proteger e cuidar da popula\u00e7\u00e3o. S\u00e3o eles profissionais da sa\u00fade e da seguran\u00e7a, trabalhadores de supermercados e farm\u00e1cias, motoristas, agentes de limpeza, entre outros. Mas com mais de seis meses de uma pandemia que n\u00e3o acabou, como anda a sa\u00fade mental desses profissionais? Para encerrar o especial Setembro Amarelo, o Sa\u00fade com Ci\u00eancia dedica programa aos trabalhadores que vem lidando, h\u00e1 meses, com todas as adversidades da pandemia. Confira!<\/p>\n\n\n\n<!--more-->\n\n\n\n<p><strong>Entrevistados:<\/strong><\/p>\n\n\n\n<p><strong>J\u00falio C\u00e9sar Menezes Vieira<\/strong>&nbsp;\u2013 colaborador do Telepan Sa\u00fade \u2013 Medicina UFMG e m\u00e9dico psiquiatra<\/p>\n\n\n\n<p><strong>Mariana de Souza Nicolau<\/strong>&nbsp;\u2013 psic\u00f3loga e professora do Departamento de Sa\u00fade Mental da Faculdade de Medicina da UFMG<\/p>\n\n\n\n<p><strong>Mateus Westin<\/strong>&nbsp;\u2013 m\u00e9dico infectologista e professor do Departamento de Cl\u00ednica M\u00e9dica da Faculdade de Medicina da UFMG<\/p>\n\n\n\n<p><strong>Victor Polignano Godoy<\/strong>&nbsp;\u2013 psic\u00f3logo e professor do Departamento de Sa\u00fade Mental da Faculdade de Medicina da UFMG<\/p>\n<div class=\"powerpress_player\" id=\"powerpress_player_9562\"><audio class=\"wp-audio-shortcode\" id=\"audio-61-1\" preload=\"none\" style=\"width: 100%;\" controls=\"controls\"><source type=\"audio\/mpeg\" src=\"http:\/\/podcast.medicina.ufmg.br\/wp-content\/uploads\/2020\/09\/PODCAST-Saude-linha-de-frente.mp3?_=1\" \/><a href=\"http:\/\/podcast.medicina.ufmg.br\/wp-content\/uploads\/2020\/09\/PODCAST-Saude-linha-de-frente.mp3\">http:\/\/podcast.medicina.ufmg.br\/wp-content\/uploads\/2020\/09\/PODCAST-Saude-linha-de-frente.mp3<\/a><\/audio><\/div><p class=\"powerpress_links powerpress_links_mp3\" style=\"margin-bottom: 1px !important;\">Podcast: <a href=\"http:\/\/podcast.medicina.ufmg.br\/wp-content\/uploads\/2020\/09\/PODCAST-Saude-linha-de-frente.mp3\" class=\"powerpress_link_pinw\" target=\"_blank\" title=\"Play in new window\" onclick=\"return powerpress_pinw('https:\/\/podcast.medicina.ufmg.br\/?powerpress_pinw=61-podcast');\" rel=\"nofollow\">Play in new window<\/a> | <a href=\"http:\/\/podcast.medicina.ufmg.br\/wp-content\/uploads\/2020\/09\/PODCAST-Saude-linha-de-frente.mp3\" class=\"powerpress_link_d\" title=\"Download\" rel=\"nofollow\" download=\"PODCAST-Saude-linha-de-frente.mp3\">Download<\/a><\/p>","protected":false},"excerpt":{"rendered":"<p>Enquanto boa parte da popula\u00e7\u00e3o se protegia como podia do novo coronav\u00edrus, os profissionais da linha de frente continuaram com seus trabalhos fora de casa e mais expostos \u00e0 doen\u00e7a, para proteger e cuidar da popula\u00e7\u00e3o. S\u00e3o eles profissionais da sa\u00fade e da seguran\u00e7a, trabalhadores de supermercados e farm\u00e1cias, motoristas, agentes de limpeza, entre outros. &hellip; <\/p>\n<p class=\"link-more\"><a href=\"https:\/\/podcast.medicina.ufmg.br\/index.php\/2020\/09\/28\/tudo-bem-buscar-ajuda\/\" class=\"more-link\">Continue lendo<span class=\"screen-reader-text\"> &#8220;Tudo bem buscar ajuda&#8221;<\/span><\/a><\/p>\n","protected":false},"author":3,"featured_media":67,"comment_status":"open","ping_status":"open","sticky":false,"template":"","format":"standard","meta":{"footnotes":""},"categories":[1],"tags":[],"class_list":["post-61","post","type-post","status-publish","format-standard","has-post-thumbnail","hentry","category-podcast"],"_links":{"self":[{"href":"https:\/\/podcast.medicina.ufmg.br\/index.php\/wp-json\/wp\/v2\/posts\/61","targetHints":{"allow":["GET"]}}],"collection":[{"href":"https:\/\/podcast.medicina.ufmg.br\/index.php\/wp-json\/wp\/v2\/posts"}],"about":[{"href":"https:\/\/podcast.medicina.ufmg.br\/index.php\/wp-json\/wp\/v2\/types\/post"}],"author":[{"embeddable":true,"href":"https:\/\/podcast.medicina.ufmg.br\/index.php\/wp-json\/wp\/v2\/users\/3"}],"replies":[{"embeddable":true,"href":"https:\/\/podcast.medicina.ufmg.br\/index.php\/wp-json\/wp\/v2\/comments?post=61"}],"version-history":[{"count":1,"href":"https:\/\/podcast.medicina.ufmg.br\/index.php\/wp-json\/wp\/v2\/posts\/61\/revisions"}],"predecessor-version":[{"id":63,"href":"https:\/\/podcast.medicina.ufmg.br\/index.php\/wp-json\/wp\/v2\/posts\/61\/revisions\/63"}],"wp:featuredmedia":[{"embeddable":true,"href":"https:\/\/podcast.medicina.ufmg.br\/index.php\/wp-json\/wp\/v2\/media\/67"}],"wp:attachment":[{"href":"https:\/\/podcast.medicina.ufmg.br\/index.php\/wp-json\/wp\/v2\/media?parent=61"}],"wp:term":[{"taxonomy":"category","embeddable":true,"href":"https:\/\/podcast.medicina.ufmg.br\/index.php\/wp-json\/wp\/v2\/categories?post=61"},{"taxonomy":"post_tag","embeddable":true,"href":"https:\/\/podcast.medicina.ufmg.br\/index.php\/wp-json\/wp\/v2\/tags?post=61"}],"curies":[{"name":"wp","href":"https:\/\/api.w.org\/{rel}","templated":true}]}}