{"id":45,"date":"2020-09-18T16:26:01","date_gmt":"2020-09-18T19:26:01","guid":{"rendered":"http:\/\/podcast.medicina.ufmg.br\/?p=45"},"modified":"2020-09-18T16:26:02","modified_gmt":"2020-09-18T19:26:02","slug":"um-minuto-de-silencio","status":"publish","type":"post","link":"https:\/\/podcast.medicina.ufmg.br\/index.php\/2020\/09\/18\/um-minuto-de-silencio\/","title":{"rendered":"Um minuto de sil\u00eancio"},"content":{"rendered":"\n<p>O ano de 2020 \u00e9 o ano do luto: s\u00e3o milh\u00f5es de enlutados ao redor do mundo, seja porque perderam quem ama, v\u00edtima da covid-19, pela perda de emprego em meio \u00e0 crise econ\u00f4mica ou pelo rompimento de algum v\u00ednculo emocional. Na s\u00e9rie especial, entenda porque o luto \u00e9 importante, quais os sentimentos mais comuns nesse processo e como vivencia-lo de maneira menos dolorosa neste momento. A s\u00e9rie tamb\u00e9m analisa a aparente aus\u00eancia de luto coletivo diante tantas mortes.<\/p>\n\n\n\n<!--more-->\n\n\n\n<p><strong>Entrevistados:<\/strong><\/p>\n\n\n\n<p><strong>Tatiana Mour\u00e3o \u2013<\/strong>&nbsp;professora do Departamento de Sa\u00fade Mental da Faculdade de Medicina da UFMG<\/p>\n\n\n\n<p><strong>Maria Aparecida Miranda da Silva \u2013<\/strong>&nbsp;&nbsp;psic\u00f3loga do N\u00facleo de Apoio Psicopedag\u00f3gico aos Estudantes da Faculdade de Medicina da UFMG (Napem).<\/p>\n<div class=\"powerpress_player\" id=\"powerpress_player_7064\"><audio class=\"wp-audio-shortcode\" id=\"audio-45-1\" preload=\"none\" style=\"width: 100%;\" controls=\"controls\"><source type=\"audio\/mpeg\" src=\"https:\/\/www.medicina.ufmg.br\/radio\/wp-content\/uploads\/sites\/88\/2020\/09\/Luto-Podcast.mp3?_=1\" \/><a href=\"https:\/\/www.medicina.ufmg.br\/radio\/wp-content\/uploads\/sites\/88\/2020\/09\/Luto-Podcast.mp3\">https:\/\/www.medicina.ufmg.br\/radio\/wp-content\/uploads\/sites\/88\/2020\/09\/Luto-Podcast.mp3<\/a><\/audio><\/div><p class=\"powerpress_links powerpress_links_mp3\" style=\"margin-bottom: 1px !important;\">Podcast: <a href=\"https:\/\/www.medicina.ufmg.br\/radio\/wp-content\/uploads\/sites\/88\/2020\/09\/Luto-Podcast.mp3\" class=\"powerpress_link_pinw\" target=\"_blank\" title=\"Play in new window\" onclick=\"return powerpress_pinw('https:\/\/podcast.medicina.ufmg.br\/?powerpress_pinw=45-podcast');\" rel=\"nofollow\">Play in new window<\/a> | <a href=\"https:\/\/www.medicina.ufmg.br\/radio\/wp-content\/uploads\/sites\/88\/2020\/09\/Luto-Podcast.mp3\" class=\"powerpress_link_d\" title=\"Download\" rel=\"nofollow\" download=\"Luto-Podcast.mp3\">Download<\/a><\/p>","protected":false},"excerpt":{"rendered":"<p>O ano de 2020 \u00e9 o ano do luto: s\u00e3o milh\u00f5es de enlutados ao redor do mundo, seja porque perderam quem ama, v\u00edtima da covid-19, pela perda de emprego em meio \u00e0 crise econ\u00f4mica ou pelo rompimento de algum v\u00ednculo emocional. Na s\u00e9rie especial, entenda porque o luto \u00e9 importante, quais os sentimentos mais comuns &hellip; <\/p>\n<p class=\"link-more\"><a href=\"https:\/\/podcast.medicina.ufmg.br\/index.php\/2020\/09\/18\/um-minuto-de-silencio\/\" class=\"more-link\">Continue lendo<span class=\"screen-reader-text\"> &#8220;Um minuto de sil\u00eancio&#8221;<\/span><\/a><\/p>\n","protected":false},"author":3,"featured_media":46,"comment_status":"open","ping_status":"open","sticky":false,"template":"","format":"standard","meta":{"footnotes":""},"categories":[1],"tags":[],"class_list":["post-45","post","type-post","status-publish","format-standard","has-post-thumbnail","hentry","category-podcast"],"_links":{"self":[{"href":"https:\/\/podcast.medicina.ufmg.br\/index.php\/wp-json\/wp\/v2\/posts\/45","targetHints":{"allow":["GET"]}}],"collection":[{"href":"https:\/\/podcast.medicina.ufmg.br\/index.php\/wp-json\/wp\/v2\/posts"}],"about":[{"href":"https:\/\/podcast.medicina.ufmg.br\/index.php\/wp-json\/wp\/v2\/types\/post"}],"author":[{"embeddable":true,"href":"https:\/\/podcast.medicina.ufmg.br\/index.php\/wp-json\/wp\/v2\/users\/3"}],"replies":[{"embeddable":true,"href":"https:\/\/podcast.medicina.ufmg.br\/index.php\/wp-json\/wp\/v2\/comments?post=45"}],"version-history":[{"count":1,"href":"https:\/\/podcast.medicina.ufmg.br\/index.php\/wp-json\/wp\/v2\/posts\/45\/revisions"}],"predecessor-version":[{"id":48,"href":"https:\/\/podcast.medicina.ufmg.br\/index.php\/wp-json\/wp\/v2\/posts\/45\/revisions\/48"}],"wp:featuredmedia":[{"embeddable":true,"href":"https:\/\/podcast.medicina.ufmg.br\/index.php\/wp-json\/wp\/v2\/media\/46"}],"wp:attachment":[{"href":"https:\/\/podcast.medicina.ufmg.br\/index.php\/wp-json\/wp\/v2\/media?parent=45"}],"wp:term":[{"taxonomy":"category","embeddable":true,"href":"https:\/\/podcast.medicina.ufmg.br\/index.php\/wp-json\/wp\/v2\/categories?post=45"},{"taxonomy":"post_tag","embeddable":true,"href":"https:\/\/podcast.medicina.ufmg.br\/index.php\/wp-json\/wp\/v2\/tags?post=45"}],"curies":[{"name":"wp","href":"https:\/\/api.w.org\/{rel}","templated":true}]}}