{"id":2133,"date":"2026-09-04T10:41:02","date_gmt":"2026-09-04T13:41:02","guid":{"rendered":"https:\/\/podcast.medicina.ufmg.br\/?p=2133"},"modified":"2026-09-04T10:41:03","modified_gmt":"2026-09-04T13:41:03","slug":"tetano-e-ferrugem-mito-ou-verdade","status":"publish","type":"post","link":"https:\/\/podcast.medicina.ufmg.br\/index.php\/2026\/09\/04\/tetano-e-ferrugem-mito-ou-verdade\/","title":{"rendered":"T\u00e9tano e ferrugem: mito ou verdade?"},"content":{"rendered":"\n<p class=\"wp-block-paragraph\">Entre os anos de 2014 e 2024, foram registrados 2.385 casos de t\u00e9tano acidental no Brasil. 73% dos casos se concentraram no grupo com faixa et\u00e1ria entre 40 e 79 anos, com a maioria dos casos ocorrendo em aposentados, pensionistas, trabalhadores agropecu\u00e1rios e da constru\u00e7\u00e3o civil.<\/p>\n\n\n\n<p class=\"wp-block-paragraph\">O Plano de Elimina\u00e7\u00e3o do T\u00e9tano Neonatal do Minist\u00e9rio da Sa\u00fade foi implementado em 1992. Desde ent\u00e3o, os registros anuais da doen\u00e7a no pa\u00eds ca\u00edram de 215, em 1993, para 16 casos em 2003, o que representa uma redu\u00e7\u00e3o de 92%.<\/p>\n\n\n\n<p class=\"wp-block-paragraph\">No Sa\u00fade com Ci\u00eancia desta semana, conversaremos sobre o t\u00e9tano. Abordaremos as causas da doen\u00e7a e sua rela\u00e7\u00e3o com ferimentos cortantes, perfurantes, contamina\u00e7\u00e3o e ferrugem. Al\u00e9m disso, discutiremos casos graves, tratamento e vacina\u00e7\u00e3o.<\/p>\n\n\n\n<p class=\"wp-block-paragraph\"><strong>Convidado:<\/strong><\/p>\n\n\n\n<p class=\"wp-block-paragraph\"><strong>Mateus Westin \u2013<\/strong>&nbsp;professor do Departamento de Cl\u00ednica M\u00e9dica da Faculdade de Medicina da UFMG<\/p>\n\n\n\n<p class=\"wp-block-paragraph\"><\/p>\n<div class=\"powerpress_player\" id=\"powerpress_player_2978\"><audio class=\"wp-audio-shortcode\" id=\"audio-2133-1\" preload=\"none\" style=\"width: 100%;\" controls=\"controls\"><source type=\"audio\/mpeg\" src=\"http:\/\/podcast.medicina.ufmg.br\/wp-content\/uploads\/2026\/09\/Podcast-tetano.mp3?_=1\" \/><a href=\"http:\/\/podcast.medicina.ufmg.br\/wp-content\/uploads\/2026\/09\/Podcast-tetano.mp3\">http:\/\/podcast.medicina.ufmg.br\/wp-content\/uploads\/2026\/09\/Podcast-tetano.mp3<\/a><\/audio><\/div><p class=\"powerpress_links powerpress_links_mp3\" style=\"margin-bottom: 1px !important;\">Podcast: <a href=\"http:\/\/podcast.medicina.ufmg.br\/wp-content\/uploads\/2026\/09\/Podcast-tetano.mp3\" class=\"powerpress_link_pinw\" target=\"_blank\" title=\"Play in new window\" onclick=\"return powerpress_pinw('https:\/\/podcast.medicina.ufmg.br\/?powerpress_pinw=2133-podcast');\" rel=\"nofollow\">Play in new window<\/a> | <a href=\"http:\/\/podcast.medicina.ufmg.br\/wp-content\/uploads\/2026\/09\/Podcast-tetano.mp3\" class=\"powerpress_link_d\" title=\"Download\" rel=\"nofollow\" download=\"Podcast-tetano.mp3\">Download<\/a><\/p>","protected":false},"excerpt":{"rendered":"<p>Entre os anos de 2014 e 2024, foram registrados 2.385 casos de t\u00e9tano acidental no Brasil. 73% dos casos se concentraram no grupo com faixa et\u00e1ria entre 40 e 79 anos, com a maioria dos casos ocorrendo em aposentados, pensionistas, trabalhadores agropecu\u00e1rios e da constru\u00e7\u00e3o civil. O Plano de Elimina\u00e7\u00e3o do T\u00e9tano Neonatal do Minist\u00e9rio &hellip; <\/p>\n<p class=\"link-more\"><a href=\"https:\/\/podcast.medicina.ufmg.br\/index.php\/2026\/09\/04\/tetano-e-ferrugem-mito-ou-verdade\/\" class=\"more-link\">Continue lendo<span class=\"screen-reader-text\"> &#8220;T\u00e9tano e ferrugem: mito ou verdade?&#8221;<\/span><\/a><\/p>\n","protected":false},"author":4,"featured_media":2134,"comment_status":"closed","ping_status":"closed","sticky":false,"template":"","format":"standard","meta":{"footnotes":""},"categories":[1],"tags":[],"class_list":["post-2133","post","type-post","status-publish","format-standard","has-post-thumbnail","hentry","category-podcast"],"_links":{"self":[{"href":"https:\/\/podcast.medicina.ufmg.br\/index.php\/wp-json\/wp\/v2\/posts\/2133","targetHints":{"allow":["GET"]}}],"collection":[{"href":"https:\/\/podcast.medicina.ufmg.br\/index.php\/wp-json\/wp\/v2\/posts"}],"about":[{"href":"https:\/\/podcast.medicina.ufmg.br\/index.php\/wp-json\/wp\/v2\/types\/post"}],"author":[{"embeddable":true,"href":"https:\/\/podcast.medicina.ufmg.br\/index.php\/wp-json\/wp\/v2\/users\/4"}],"replies":[{"embeddable":true,"href":"https:\/\/podcast.medicina.ufmg.br\/index.php\/wp-json\/wp\/v2\/comments?post=2133"}],"version-history":[{"count":3,"href":"https:\/\/podcast.medicina.ufmg.br\/index.php\/wp-json\/wp\/v2\/posts\/2133\/revisions"}],"predecessor-version":[{"id":2139,"href":"https:\/\/podcast.medicina.ufmg.br\/index.php\/wp-json\/wp\/v2\/posts\/2133\/revisions\/2139"}],"wp:featuredmedia":[{"embeddable":true,"href":"https:\/\/podcast.medicina.ufmg.br\/index.php\/wp-json\/wp\/v2\/media\/2134"}],"wp:attachment":[{"href":"https:\/\/podcast.medicina.ufmg.br\/index.php\/wp-json\/wp\/v2\/media?parent=2133"}],"wp:term":[{"taxonomy":"category","embeddable":true,"href":"https:\/\/podcast.medicina.ufmg.br\/index.php\/wp-json\/wp\/v2\/categories?post=2133"},{"taxonomy":"post_tag","embeddable":true,"href":"https:\/\/podcast.medicina.ufmg.br\/index.php\/wp-json\/wp\/v2\/tags?post=2133"}],"curies":[{"name":"wp","href":"https:\/\/api.w.org\/{rel}","templated":true}]}}