{"id":1838,"date":"2025-09-19T09:27:31","date_gmt":"2025-09-19T12:27:31","guid":{"rendered":"https:\/\/podcast.medicina.ufmg.br\/?p=1838"},"modified":"2025-09-23T09:59:17","modified_gmt":"2025-09-23T12:59:17","slug":"entendendo-a-radiologia","status":"publish","type":"post","link":"https:\/\/podcast.medicina.ufmg.br\/index.php\/2025\/09\/19\/entendendo-a-radiologia\/","title":{"rendered":"Entendendo a radiologia"},"content":{"rendered":"\n<p class=\"wp-block-paragraph\">A radiologia \u00e9 o ramo da sa\u00fade que utiliza a radia\u00e7\u00e3o para a realiza\u00e7\u00e3o de diagn\u00f3sticos, controle e tratamento de doen\u00e7as. Essa \u00e1rea \u00e9 fundamental na medicina atualmente, pois \u00e9 capaz de realizar os mais modernos exames de imagem.<\/p>\n\n\n\n<p class=\"wp-block-paragraph\">No Sa\u00fade com Ci\u00eancia desta semana, falaremos sobre a import\u00e2ncia da radiologia. Al\u00e9m disso, explicaremos a diferen\u00e7a entre os principais exames e falaremos sobre os mitos que envolvem a seguran\u00e7a da radiologia.<\/p>\n\n\n\n<p class=\"wp-block-paragraph\"><strong>Convidado:<\/strong><br><strong>Rodrigo Gadelha \u2013&nbsp;<\/strong>professor do Departamento de Anatomia e Imagem da Faculdade de Medicina da UFMG<\/p>\n<div class=\"powerpress_player\" id=\"powerpress_player_9348\"><audio class=\"wp-audio-shortcode\" id=\"audio-1838-1\" preload=\"none\" style=\"width: 100%;\" controls=\"controls\"><source type=\"audio\/mpeg\" src=\"http:\/\/podcast.medicina.ufmg.br\/wp-content\/uploads\/2025\/09\/Podcast-Radiologia.mp3?_=1\" \/><a href=\"http:\/\/podcast.medicina.ufmg.br\/wp-content\/uploads\/2025\/09\/Podcast-Radiologia.mp3\">http:\/\/podcast.medicina.ufmg.br\/wp-content\/uploads\/2025\/09\/Podcast-Radiologia.mp3<\/a><\/audio><\/div><p class=\"powerpress_links powerpress_links_mp3\" style=\"margin-bottom: 1px !important;\">Podcast: <a href=\"http:\/\/podcast.medicina.ufmg.br\/wp-content\/uploads\/2025\/09\/Podcast-Radiologia.mp3\" class=\"powerpress_link_pinw\" target=\"_blank\" title=\"Play in new window\" onclick=\"return powerpress_pinw('https:\/\/podcast.medicina.ufmg.br\/?powerpress_pinw=1838-podcast');\" rel=\"nofollow\">Play in new window<\/a> | <a href=\"http:\/\/podcast.medicina.ufmg.br\/wp-content\/uploads\/2025\/09\/Podcast-Radiologia.mp3\" class=\"powerpress_link_d\" title=\"Download\" rel=\"nofollow\" download=\"Podcast-Radiologia.mp3\">Download<\/a><\/p>","protected":false},"excerpt":{"rendered":"<p>A radiologia \u00e9 o ramo da sa\u00fade que utiliza a radia\u00e7\u00e3o para a realiza\u00e7\u00e3o de diagn\u00f3sticos, controle e tratamento de doen\u00e7as. Essa \u00e1rea \u00e9 fundamental na medicina atualmente, pois \u00e9 capaz de realizar os mais modernos exames de imagem. No Sa\u00fade com Ci\u00eancia desta semana, falaremos sobre a import\u00e2ncia da radiologia. Al\u00e9m disso, explicaremos a &hellip; <\/p>\n<p class=\"link-more\"><a href=\"https:\/\/podcast.medicina.ufmg.br\/index.php\/2025\/09\/19\/entendendo-a-radiologia\/\" class=\"more-link\">Continue lendo<span class=\"screen-reader-text\"> &#8220;Entendendo a radiologia&#8221;<\/span><\/a><\/p>\n","protected":false},"author":4,"featured_media":1836,"comment_status":"closed","ping_status":"closed","sticky":false,"template":"","format":"standard","meta":{"footnotes":""},"categories":[1],"tags":[],"class_list":["post-1838","post","type-post","status-publish","format-standard","has-post-thumbnail","hentry","category-podcast"],"_links":{"self":[{"href":"https:\/\/podcast.medicina.ufmg.br\/index.php\/wp-json\/wp\/v2\/posts\/1838","targetHints":{"allow":["GET"]}}],"collection":[{"href":"https:\/\/podcast.medicina.ufmg.br\/index.php\/wp-json\/wp\/v2\/posts"}],"about":[{"href":"https:\/\/podcast.medicina.ufmg.br\/index.php\/wp-json\/wp\/v2\/types\/post"}],"author":[{"embeddable":true,"href":"https:\/\/podcast.medicina.ufmg.br\/index.php\/wp-json\/wp\/v2\/users\/4"}],"replies":[{"embeddable":true,"href":"https:\/\/podcast.medicina.ufmg.br\/index.php\/wp-json\/wp\/v2\/comments?post=1838"}],"version-history":[{"count":2,"href":"https:\/\/podcast.medicina.ufmg.br\/index.php\/wp-json\/wp\/v2\/posts\/1838\/revisions"}],"predecessor-version":[{"id":1842,"href":"https:\/\/podcast.medicina.ufmg.br\/index.php\/wp-json\/wp\/v2\/posts\/1838\/revisions\/1842"}],"wp:featuredmedia":[{"embeddable":true,"href":"https:\/\/podcast.medicina.ufmg.br\/index.php\/wp-json\/wp\/v2\/media\/1836"}],"wp:attachment":[{"href":"https:\/\/podcast.medicina.ufmg.br\/index.php\/wp-json\/wp\/v2\/media?parent=1838"}],"wp:term":[{"taxonomy":"category","embeddable":true,"href":"https:\/\/podcast.medicina.ufmg.br\/index.php\/wp-json\/wp\/v2\/categories?post=1838"},{"taxonomy":"post_tag","embeddable":true,"href":"https:\/\/podcast.medicina.ufmg.br\/index.php\/wp-json\/wp\/v2\/tags?post=1838"}],"curies":[{"name":"wp","href":"https:\/\/api.w.org\/{rel}","templated":true}]}}