{"id":1819,"date":"2025-08-29T09:47:12","date_gmt":"2025-08-29T12:47:12","guid":{"rendered":"https:\/\/podcast.medicina.ufmg.br\/?p=1819"},"modified":"2025-08-29T09:47:13","modified_gmt":"2025-08-29T12:47:13","slug":"climaterio-e-menopausa-impactos-no-trabalho","status":"publish","type":"post","link":"https:\/\/podcast.medicina.ufmg.br\/index.php\/2025\/08\/29\/climaterio-e-menopausa-impactos-no-trabalho\/","title":{"rendered":"Climat\u00e9rio e menopausa: impactos no trabalho"},"content":{"rendered":"\n<p>No Brasil, mais de 30 milh\u00f5es de mulheres est\u00e3o na faixa de idade do climat\u00e9rio e da menopausa. Esse per\u00edodo \u00e9 marcado por diversas altera\u00e7\u00f5es f\u00edsicas e psicol\u00f3gicas na mulher, e pode impactar tanto sua vida pessoal quanto sua rela\u00e7\u00e3o com o trabalho.<\/p>\n\n\n\n<p>No Sa\u00fade com Ci\u00eancia desta semana iremos conversar sobre o climat\u00e9rio e a menopausa, abordando seus conceitos e faixas et\u00e1rias comuns. Al\u00e9m disso, vamos entender quais os impactos da menopausa no ambiente de trabalho e como a mulher pode amenizar estes sintomas.<\/p>\n\n\n\n<p><strong>Convidado:<\/strong> <strong>M\u00e1rcio Hip\u00f3lito \u2013\u00a0<\/strong>professor do Departamento de Ginecologia e Obstetr\u00edcia da Faculdade de Medicina da UFMG<\/p>\n<div class=\"powerpress_player\" id=\"powerpress_player_3451\"><audio class=\"wp-audio-shortcode\" id=\"audio-1819-1\" preload=\"none\" style=\"width: 100%;\" controls=\"controls\"><source type=\"audio\/mpeg\" src=\"http:\/\/podcast.medicina.ufmg.br\/wp-content\/uploads\/2025\/08\/Climaterio.mp3?_=1\" \/><a href=\"http:\/\/podcast.medicina.ufmg.br\/wp-content\/uploads\/2025\/08\/Climaterio.mp3\">http:\/\/podcast.medicina.ufmg.br\/wp-content\/uploads\/2025\/08\/Climaterio.mp3<\/a><\/audio><\/div><p class=\"powerpress_links powerpress_links_mp3\" style=\"margin-bottom: 1px !important;\">Podcast: <a href=\"http:\/\/podcast.medicina.ufmg.br\/wp-content\/uploads\/2025\/08\/Climaterio.mp3\" class=\"powerpress_link_pinw\" target=\"_blank\" title=\"Play in new window\" onclick=\"return powerpress_pinw('https:\/\/podcast.medicina.ufmg.br\/?powerpress_pinw=1819-podcast');\" rel=\"nofollow\">Play in new window<\/a> | <a href=\"http:\/\/podcast.medicina.ufmg.br\/wp-content\/uploads\/2025\/08\/Climaterio.mp3\" class=\"powerpress_link_d\" title=\"Download\" rel=\"nofollow\" download=\"Climaterio.mp3\">Download<\/a><\/p>","protected":false},"excerpt":{"rendered":"<p>No Brasil, mais de 30 milh\u00f5es de mulheres est\u00e3o na faixa de idade do climat\u00e9rio e da menopausa. Esse per\u00edodo \u00e9 marcado por diversas altera\u00e7\u00f5es f\u00edsicas e psicol\u00f3gicas na mulher, e pode impactar tanto sua vida pessoal quanto sua rela\u00e7\u00e3o com o trabalho. No Sa\u00fade com Ci\u00eancia desta semana iremos conversar sobre o climat\u00e9rio e &hellip; <\/p>\n<p class=\"link-more\"><a href=\"https:\/\/podcast.medicina.ufmg.br\/index.php\/2025\/08\/29\/climaterio-e-menopausa-impactos-no-trabalho\/\" class=\"more-link\">Continue lendo<span class=\"screen-reader-text\"> &#8220;Climat\u00e9rio e menopausa: impactos no trabalho&#8221;<\/span><\/a><\/p>\n","protected":false},"author":4,"featured_media":1820,"comment_status":"closed","ping_status":"closed","sticky":false,"template":"","format":"standard","meta":{"footnotes":""},"categories":[1],"tags":[],"class_list":["post-1819","post","type-post","status-publish","format-standard","has-post-thumbnail","hentry","category-podcast"],"_links":{"self":[{"href":"https:\/\/podcast.medicina.ufmg.br\/index.php\/wp-json\/wp\/v2\/posts\/1819","targetHints":{"allow":["GET"]}}],"collection":[{"href":"https:\/\/podcast.medicina.ufmg.br\/index.php\/wp-json\/wp\/v2\/posts"}],"about":[{"href":"https:\/\/podcast.medicina.ufmg.br\/index.php\/wp-json\/wp\/v2\/types\/post"}],"author":[{"embeddable":true,"href":"https:\/\/podcast.medicina.ufmg.br\/index.php\/wp-json\/wp\/v2\/users\/4"}],"replies":[{"embeddable":true,"href":"https:\/\/podcast.medicina.ufmg.br\/index.php\/wp-json\/wp\/v2\/comments?post=1819"}],"version-history":[{"count":1,"href":"https:\/\/podcast.medicina.ufmg.br\/index.php\/wp-json\/wp\/v2\/posts\/1819\/revisions"}],"predecessor-version":[{"id":1823,"href":"https:\/\/podcast.medicina.ufmg.br\/index.php\/wp-json\/wp\/v2\/posts\/1819\/revisions\/1823"}],"wp:featuredmedia":[{"embeddable":true,"href":"https:\/\/podcast.medicina.ufmg.br\/index.php\/wp-json\/wp\/v2\/media\/1820"}],"wp:attachment":[{"href":"https:\/\/podcast.medicina.ufmg.br\/index.php\/wp-json\/wp\/v2\/media?parent=1819"}],"wp:term":[{"taxonomy":"category","embeddable":true,"href":"https:\/\/podcast.medicina.ufmg.br\/index.php\/wp-json\/wp\/v2\/categories?post=1819"},{"taxonomy":"post_tag","embeddable":true,"href":"https:\/\/podcast.medicina.ufmg.br\/index.php\/wp-json\/wp\/v2\/tags?post=1819"}],"curies":[{"name":"wp","href":"https:\/\/api.w.org\/{rel}","templated":true}]}}