{"id":1734,"date":"2025-05-16T13:50:54","date_gmt":"2025-05-16T16:50:54","guid":{"rendered":"https:\/\/podcast.medicina.ufmg.br\/?p=1734"},"modified":"2025-05-22T10:39:43","modified_gmt":"2025-05-22T13:39:43","slug":"asma-em-2025","status":"publish","type":"post","link":"https:\/\/podcast.medicina.ufmg.br\/index.php\/2025\/05\/16\/asma-em-2025\/","title":{"rendered":"Asma em 2025"},"content":{"rendered":"\n<p>A asma \u00e9 um problema de sa\u00fade frequente no Brasil. O Minist\u00e9rio da Sa\u00fade estima que mais de 23% da popula\u00e7\u00e3o brasileira viva com a doen\u00e7a. Anualmente, o Sistema \u00danico de Sa\u00fade, o SUS, registra cerca de 350 mil interna\u00e7\u00f5es devido \u00e0 asma. Isso a coloca como a terceira maior causa de interna\u00e7\u00e3o no pa\u00eds.<\/p>\n\n\n\n<p>No Sa\u00fade com Ci\u00eancia desta semana, vamos conversar sobre o panorama da asma em 2025. Iremos relembrar as caracter\u00edsticas da doen\u00e7a, aprender a identificar a asma em crian\u00e7as e discutir tratamentos novos e convencionais para a doen\u00e7a.<\/p>\n\n\n\n<p><strong>Convidada:<\/strong> <strong>La\u00eds Nicoliello \u2013<\/strong>&nbsp;professora do Departamento de Pediatria da Faculdade de Medicina da UFMG<\/p>\n<div class=\"powerpress_player\" id=\"powerpress_player_1669\"><audio class=\"wp-audio-shortcode\" id=\"audio-1734-1\" preload=\"none\" style=\"width: 100%;\" controls=\"controls\"><source type=\"audio\/mpeg\" src=\"http:\/\/podcast.medicina.ufmg.br\/wp-content\/uploads\/2025\/05\/Podcast-Asma-2025.mp3?_=1\" \/><a href=\"http:\/\/podcast.medicina.ufmg.br\/wp-content\/uploads\/2025\/05\/Podcast-Asma-2025.mp3\">http:\/\/podcast.medicina.ufmg.br\/wp-content\/uploads\/2025\/05\/Podcast-Asma-2025.mp3<\/a><\/audio><\/div><p class=\"powerpress_links powerpress_links_mp3\" style=\"margin-bottom: 1px !important;\">Podcast: <a href=\"http:\/\/podcast.medicina.ufmg.br\/wp-content\/uploads\/2025\/05\/Podcast-Asma-2025.mp3\" class=\"powerpress_link_pinw\" target=\"_blank\" title=\"Play in new window\" onclick=\"return powerpress_pinw('https:\/\/podcast.medicina.ufmg.br\/?powerpress_pinw=1734-podcast');\" rel=\"nofollow\">Play in new window<\/a> | <a href=\"http:\/\/podcast.medicina.ufmg.br\/wp-content\/uploads\/2025\/05\/Podcast-Asma-2025.mp3\" class=\"powerpress_link_d\" title=\"Download\" rel=\"nofollow\" download=\"Podcast-Asma-2025.mp3\">Download<\/a><\/p>","protected":false},"excerpt":{"rendered":"<p>A asma \u00e9 um problema de sa\u00fade frequente no Brasil. O Minist\u00e9rio da Sa\u00fade estima que mais de 23% da popula\u00e7\u00e3o brasileira viva com a doen\u00e7a. Anualmente, o Sistema \u00danico de Sa\u00fade, o SUS, registra cerca de 350 mil interna\u00e7\u00f5es devido \u00e0 asma. Isso a coloca como a terceira maior causa de interna\u00e7\u00e3o no pa\u00eds. &hellip; <\/p>\n<p class=\"link-more\"><a href=\"https:\/\/podcast.medicina.ufmg.br\/index.php\/2025\/05\/16\/asma-em-2025\/\" class=\"more-link\">Continue lendo<span class=\"screen-reader-text\"> &#8220;Asma em 2025&#8221;<\/span><\/a><\/p>\n","protected":false},"author":4,"featured_media":1737,"comment_status":"closed","ping_status":"closed","sticky":false,"template":"","format":"standard","meta":{"footnotes":""},"categories":[1],"tags":[],"class_list":["post-1734","post","type-post","status-publish","format-standard","has-post-thumbnail","hentry","category-podcast"],"_links":{"self":[{"href":"https:\/\/podcast.medicina.ufmg.br\/index.php\/wp-json\/wp\/v2\/posts\/1734","targetHints":{"allow":["GET"]}}],"collection":[{"href":"https:\/\/podcast.medicina.ufmg.br\/index.php\/wp-json\/wp\/v2\/posts"}],"about":[{"href":"https:\/\/podcast.medicina.ufmg.br\/index.php\/wp-json\/wp\/v2\/types\/post"}],"author":[{"embeddable":true,"href":"https:\/\/podcast.medicina.ufmg.br\/index.php\/wp-json\/wp\/v2\/users\/4"}],"replies":[{"embeddable":true,"href":"https:\/\/podcast.medicina.ufmg.br\/index.php\/wp-json\/wp\/v2\/comments?post=1734"}],"version-history":[{"count":2,"href":"https:\/\/podcast.medicina.ufmg.br\/index.php\/wp-json\/wp\/v2\/posts\/1734\/revisions"}],"predecessor-version":[{"id":1739,"href":"https:\/\/podcast.medicina.ufmg.br\/index.php\/wp-json\/wp\/v2\/posts\/1734\/revisions\/1739"}],"wp:featuredmedia":[{"embeddable":true,"href":"https:\/\/podcast.medicina.ufmg.br\/index.php\/wp-json\/wp\/v2\/media\/1737"}],"wp:attachment":[{"href":"https:\/\/podcast.medicina.ufmg.br\/index.php\/wp-json\/wp\/v2\/media?parent=1734"}],"wp:term":[{"taxonomy":"category","embeddable":true,"href":"https:\/\/podcast.medicina.ufmg.br\/index.php\/wp-json\/wp\/v2\/categories?post=1734"},{"taxonomy":"post_tag","embeddable":true,"href":"https:\/\/podcast.medicina.ufmg.br\/index.php\/wp-json\/wp\/v2\/tags?post=1734"}],"curies":[{"name":"wp","href":"https:\/\/api.w.org\/{rel}","templated":true}]}}