{"id":16,"date":"2020-09-17T12:25:50","date_gmt":"2020-09-17T15:25:50","guid":{"rendered":"http:\/\/podcast.medicina.ufmg.br\/?p=16"},"modified":"2020-09-18T15:05:37","modified_gmt":"2020-09-18T18:05:37","slug":"prevencao-ao-suicidio-2","status":"publish","type":"post","link":"https:\/\/podcast.medicina.ufmg.br\/index.php\/2020\/09\/17\/prevencao-ao-suicidio-2\/","title":{"rendered":"Preven\u00e7\u00e3o ao suic\u00eddio"},"content":{"rendered":"\n<p>Entre 2011 e 2016, o Brasil perdeu quase 63 mil habitantes devido ao suic\u00eddio. Nesse mesmo per\u00edodo, mais de 48 mil atentaram contra a pr\u00f3pria vida. Os dados s\u00e3o do Minist\u00e9rio da Sa\u00fade, divulgados em boletim de 2019. Os suic\u00eddios podem ser evitados, por isso, \u00e9 o tema de s\u00e9rie especial do Sa\u00fade com Ci\u00eancia, que abre o m\u00eas dedicado \u00e0 sa\u00fade mental.<\/p>\n\n\n\n<!--more-->\n\n\n\n<p><strong>Entrevistados:<\/strong><\/p>\n\n\n\n<p><strong>Alexandre Pereira&nbsp;<\/strong>\u2013 psiquiatra, professor da Unifenas, colaborador e um dos autores do M\u00f3dulo de Sa\u00fade Mental do N\u00facleo de Educa\u00e7\u00e3o em Sa\u00fade Coletiva (Nescon) da Faculdade de Medicina da UFMG<\/p>\n\n\n\n<p><strong>Glaucia Tavares<\/strong>&nbsp;\u2013 psic\u00f3loga da Rede de Apoio a Perdas Irrepar\u00e1veis (Rede Api)<\/p>\n\n\n\n<p><strong>Teresa Cristina Kurimoto<\/strong>&nbsp;\u2013 professora da Escola de Enfermagem e membro da Comiss\u00e3o Permanente de Sa\u00fade Mental da UFMG<\/p>\n<div class=\"powerpress_player\" id=\"powerpress_player_1452\"><audio class=\"wp-audio-shortcode\" id=\"audio-16-1\" preload=\"none\" style=\"width: 100%;\" controls=\"controls\"><source type=\"audio\/mpeg\" src=\"http:\/\/podcast.medicina.ufmg.br\/wp-content\/uploads\/2020\/09\/Saude-com-Ciencia-prevencao-ao-suicidio-1.mp3?_=1\" \/><a href=\"http:\/\/podcast.medicina.ufmg.br\/wp-content\/uploads\/2020\/09\/Saude-com-Ciencia-prevencao-ao-suicidio-1.mp3\">http:\/\/podcast.medicina.ufmg.br\/wp-content\/uploads\/2020\/09\/Saude-com-Ciencia-prevencao-ao-suicidio-1.mp3<\/a><\/audio><\/div><p class=\"powerpress_links powerpress_links_mp3\" style=\"margin-bottom: 1px !important;\">Podcast: <a href=\"http:\/\/podcast.medicina.ufmg.br\/wp-content\/uploads\/2020\/09\/Saude-com-Ciencia-prevencao-ao-suicidio-1.mp3\" class=\"powerpress_link_pinw\" target=\"_blank\" title=\"Play in new window\" onclick=\"return powerpress_pinw('https:\/\/podcast.medicina.ufmg.br\/?powerpress_pinw=16-podcast');\" rel=\"nofollow\">Play in new window<\/a> | <a href=\"http:\/\/podcast.medicina.ufmg.br\/wp-content\/uploads\/2020\/09\/Saude-com-Ciencia-prevencao-ao-suicidio-1.mp3\" class=\"powerpress_link_d\" title=\"Download\" rel=\"nofollow\" download=\"Saude-com-Ciencia-prevencao-ao-suicidio-1.mp3\">Download<\/a><\/p>","protected":false},"excerpt":{"rendered":"<p>Entre 2011 e 2016, o Brasil perdeu quase 63 mil habitantes devido ao suic\u00eddio. Nesse mesmo per\u00edodo, mais de 48 mil atentaram contra a pr\u00f3pria vida. Os dados s\u00e3o do Minist\u00e9rio da Sa\u00fade, divulgados em boletim de 2019. Os suic\u00eddios podem ser evitados, por isso, \u00e9 o tema de s\u00e9rie especial do Sa\u00fade com Ci\u00eancia, &hellip; <\/p>\n<p class=\"link-more\"><a href=\"https:\/\/podcast.medicina.ufmg.br\/index.php\/2020\/09\/17\/prevencao-ao-suicidio-2\/\" class=\"more-link\">Continue lendo<span class=\"screen-reader-text\"> &#8220;Preven\u00e7\u00e3o ao suic\u00eddio&#8221;<\/span><\/a><\/p>\n","protected":false},"author":3,"featured_media":37,"comment_status":"open","ping_status":"open","sticky":false,"template":"","format":"standard","meta":{"footnotes":""},"categories":[1],"tags":[],"class_list":["post-16","post","type-post","status-publish","format-standard","has-post-thumbnail","hentry","category-podcast"],"_links":{"self":[{"href":"https:\/\/podcast.medicina.ufmg.br\/index.php\/wp-json\/wp\/v2\/posts\/16","targetHints":{"allow":["GET"]}}],"collection":[{"href":"https:\/\/podcast.medicina.ufmg.br\/index.php\/wp-json\/wp\/v2\/posts"}],"about":[{"href":"https:\/\/podcast.medicina.ufmg.br\/index.php\/wp-json\/wp\/v2\/types\/post"}],"author":[{"embeddable":true,"href":"https:\/\/podcast.medicina.ufmg.br\/index.php\/wp-json\/wp\/v2\/users\/3"}],"replies":[{"embeddable":true,"href":"https:\/\/podcast.medicina.ufmg.br\/index.php\/wp-json\/wp\/v2\/comments?post=16"}],"version-history":[{"count":2,"href":"https:\/\/podcast.medicina.ufmg.br\/index.php\/wp-json\/wp\/v2\/posts\/16\/revisions"}],"predecessor-version":[{"id":38,"href":"https:\/\/podcast.medicina.ufmg.br\/index.php\/wp-json\/wp\/v2\/posts\/16\/revisions\/38"}],"wp:featuredmedia":[{"embeddable":true,"href":"https:\/\/podcast.medicina.ufmg.br\/index.php\/wp-json\/wp\/v2\/media\/37"}],"wp:attachment":[{"href":"https:\/\/podcast.medicina.ufmg.br\/index.php\/wp-json\/wp\/v2\/media?parent=16"}],"wp:term":[{"taxonomy":"category","embeddable":true,"href":"https:\/\/podcast.medicina.ufmg.br\/index.php\/wp-json\/wp\/v2\/categories?post=16"},{"taxonomy":"post_tag","embeddable":true,"href":"https:\/\/podcast.medicina.ufmg.br\/index.php\/wp-json\/wp\/v2\/tags?post=16"}],"curies":[{"name":"wp","href":"https:\/\/api.w.org\/{rel}","templated":true}]}}