{"id":1564,"date":"2024-10-18T10:14:52","date_gmt":"2024-10-18T13:14:52","guid":{"rendered":"https:\/\/podcast.medicina.ufmg.br\/?p=1564"},"modified":"2024-10-18T10:14:53","modified_gmt":"2024-10-18T13:14:53","slug":"caderneta-da-crianca","status":"publish","type":"post","link":"https:\/\/podcast.medicina.ufmg.br\/index.php\/2024\/10\/18\/caderneta-da-crianca\/","title":{"rendered":"Caderneta da Crian\u00e7a"},"content":{"rendered":"\n<p class=\"wp-block-paragraph\">Voc\u00ea provavelmente conhece a Caderneta da Crian\u00e7a. Mas voc\u00ea sabia que ela cont\u00e9m muito mais do que apenas o cart\u00e3o de vacina\u00e7\u00e3o do seu filho? Ela tamb\u00e9m traz informa\u00e7\u00f5es sobre temas como a amamenta\u00e7\u00e3o e o est\u00edmulo ao desenvolvimento infantil, al\u00e9m de compilar outros acompanhamentos de sa\u00fade da crian\u00e7a, como evolu\u00e7\u00f5es de altura e peso.<\/p>\n\n\n\n<p class=\"wp-block-paragraph\">No S\u00e1ude com Ci\u00eancia desta semana, vamos entender tudo sobre a Caderneta da Crian\u00e7a, suas informa\u00e7\u00f5es e todas as maneiras como ela auxilia os pais a acompanhar o desenvolvimento dos filhos.<\/p>\n\n\n\n<p class=\"wp-block-paragraph\"><strong>Convidado:<\/strong><\/p>\n\n\n\n<p class=\"wp-block-paragraph\"><strong>Ricardo Alexandre de Souza \u2013<\/strong>&nbsp;professor do Departamento de Pediatria da Faculdade de Medicina da UFMG<\/p>\n<div class=\"powerpress_player\" id=\"powerpress_player_6811\"><audio class=\"wp-audio-shortcode\" id=\"audio-1564-1\" preload=\"none\" style=\"width: 100%;\" controls=\"controls\"><source type=\"audio\/mpeg\" src=\"http:\/\/podcast.medicina.ufmg.br\/wp-content\/uploads\/2024\/10\/Podcast.mp3?_=1\" \/><a href=\"http:\/\/podcast.medicina.ufmg.br\/wp-content\/uploads\/2024\/10\/Podcast.mp3\">http:\/\/podcast.medicina.ufmg.br\/wp-content\/uploads\/2024\/10\/Podcast.mp3<\/a><\/audio><\/div><p class=\"powerpress_links powerpress_links_mp3\" style=\"margin-bottom: 1px !important;\">Podcast: <a href=\"http:\/\/podcast.medicina.ufmg.br\/wp-content\/uploads\/2024\/10\/Podcast.mp3\" class=\"powerpress_link_pinw\" target=\"_blank\" title=\"Play in new window\" onclick=\"return powerpress_pinw('https:\/\/podcast.medicina.ufmg.br\/?powerpress_pinw=1564-podcast');\" rel=\"nofollow\">Play in new window<\/a> | <a href=\"http:\/\/podcast.medicina.ufmg.br\/wp-content\/uploads\/2024\/10\/Podcast.mp3\" class=\"powerpress_link_d\" title=\"Download\" rel=\"nofollow\" download=\"Podcast.mp3\">Download<\/a><\/p>","protected":false},"excerpt":{"rendered":"<p>Voc\u00ea provavelmente conhece a Caderneta da Crian\u00e7a. Mas voc\u00ea sabia que ela cont\u00e9m muito mais do que apenas o cart\u00e3o de vacina\u00e7\u00e3o do seu filho? Ela tamb\u00e9m traz informa\u00e7\u00f5es sobre temas como a amamenta\u00e7\u00e3o e o est\u00edmulo ao desenvolvimento infantil, al\u00e9m de compilar outros acompanhamentos de sa\u00fade da crian\u00e7a, como evolu\u00e7\u00f5es de altura e peso. &hellip; <\/p>\n<p class=\"link-more\"><a href=\"https:\/\/podcast.medicina.ufmg.br\/index.php\/2024\/10\/18\/caderneta-da-crianca\/\" class=\"more-link\">Continue lendo<span class=\"screen-reader-text\"> &#8220;Caderneta da Crian\u00e7a&#8221;<\/span><\/a><\/p>\n","protected":false},"author":4,"featured_media":1567,"comment_status":"closed","ping_status":"closed","sticky":false,"template":"","format":"standard","meta":{"footnotes":""},"categories":[1],"tags":[],"class_list":["post-1564","post","type-post","status-publish","format-standard","has-post-thumbnail","hentry","category-podcast"],"_links":{"self":[{"href":"https:\/\/podcast.medicina.ufmg.br\/index.php\/wp-json\/wp\/v2\/posts\/1564","targetHints":{"allow":["GET"]}}],"collection":[{"href":"https:\/\/podcast.medicina.ufmg.br\/index.php\/wp-json\/wp\/v2\/posts"}],"about":[{"href":"https:\/\/podcast.medicina.ufmg.br\/index.php\/wp-json\/wp\/v2\/types\/post"}],"author":[{"embeddable":true,"href":"https:\/\/podcast.medicina.ufmg.br\/index.php\/wp-json\/wp\/v2\/users\/4"}],"replies":[{"embeddable":true,"href":"https:\/\/podcast.medicina.ufmg.br\/index.php\/wp-json\/wp\/v2\/comments?post=1564"}],"version-history":[{"count":1,"href":"https:\/\/podcast.medicina.ufmg.br\/index.php\/wp-json\/wp\/v2\/posts\/1564\/revisions"}],"predecessor-version":[{"id":1568,"href":"https:\/\/podcast.medicina.ufmg.br\/index.php\/wp-json\/wp\/v2\/posts\/1564\/revisions\/1568"}],"wp:featuredmedia":[{"embeddable":true,"href":"https:\/\/podcast.medicina.ufmg.br\/index.php\/wp-json\/wp\/v2\/media\/1567"}],"wp:attachment":[{"href":"https:\/\/podcast.medicina.ufmg.br\/index.php\/wp-json\/wp\/v2\/media?parent=1564"}],"wp:term":[{"taxonomy":"category","embeddable":true,"href":"https:\/\/podcast.medicina.ufmg.br\/index.php\/wp-json\/wp\/v2\/categories?post=1564"},{"taxonomy":"post_tag","embeddable":true,"href":"https:\/\/podcast.medicina.ufmg.br\/index.php\/wp-json\/wp\/v2\/tags?post=1564"}],"curies":[{"name":"wp","href":"https:\/\/api.w.org\/{rel}","templated":true}]}}